{"id":182112,"date":"2026-04-25T22:48:57","date_gmt":"2026-04-25T22:48:57","guid":{"rendered":"https:\/\/e-framer.ch\/2026\/04\/25\/premiers-modeles-epuises\/"},"modified":"2026-04-25T22:51:49","modified_gmt":"2026-04-25T22:51:49","slug":"premiers-modeles-epuises","status":"publish","type":"post","link":"https:\/\/e-framer.ch\/fr\/2026\/04\/25\/premiers-modeles-epuises\/","title":{"rendered":"Premiers mod\u00e8les \u00e9puis\u00e9s"},"content":{"rendered":"<div class=\"wpb-content-wrapper\"><p>[vc_row row_height_percent=\u00a0\u00bb50&Prime; override_padding=\u00a0\u00bbyes\u00a0\u00bb h_padding=\u00a0\u00bb3&Prime; top_padding=\u00a0\u00bb5&Prime; bottom_padding=\u00a0\u00bb4&Prime; back_image=\u00a0\u00bb171904&Prime; overlay_alpha=\u00a0\u00bb50&Prime; gutter_size=\u00a0\u00bb3&Prime; column_width_percent=\u00a0\u00bb100&Prime; shift_y=\u00a0\u00bb0&Prime; z_index=\u00a0\u00bb0&Prime; enable_bottom_divider=\u00a0\u00bbdefault\u00a0\u00bb bottom_divider=\u00a0\u00bbgradient\u00a0\u00bb shape_bottom_h_use_pixel=\u00a0\u00bb\u00a0\u00bb shape_bottom_height=\u00a0\u00bb150&Prime; shape_bottom_opacity=\u00a0\u00bb100&Prime; shape_bottom_index=\u00a0\u00bb0&Prime; content_parallax=\u00a0\u00bb0&Prime; uncode_shortcode_id=\u00a0\u00bb188364&Prime;][vc_column column_width_percent=\u00a0\u00bb100&Prime; align_horizontal=\u00a0\u00bbalign_center\u00a0\u00bb gutter_size=\u00a0\u00bb3&Prime; overlay_alpha=\u00a0\u00bb50&Prime; shift_x=\u00a0\u00bb0&Prime; shift_y=\u00a0\u00bb0&Prime; shift_y_down=\u00a0\u00bb0&Prime; z_index=\u00a0\u00bb0&Prime; medium_width=\u00a0\u00bb0&Prime; mobile_width=\u00a0\u00bb0&Prime; width=\u00a0\u00bb1\/1&Prime; uncode_shortcode_id=\u00a0\u00bb804914&Prime;][vc_custom_heading text_color=\u00a0\u00bbcolor-131212&Prime; heading_semantic=\u00a0\u00bbh1&Prime; text_size=\u00a0\u00bbh1&Prime; text_italic=\u00a0\u00bbyes\u00a0\u00bb uncode_shortcode_id=\u00a0\u00bb144229&Prime; text_color_type=\u00a0\u00bbuncode-palette\u00a0\u00bb]La forte demande<br \/>\nfait son effet.[\/vc_custom_heading][\/vc_column][\/vc_row][vc_row row_height_percent=\u00a0\u00bb0&Prime; override_padding=\u00a0\u00bbyes\u00a0\u00bb h_padding=\u00a0\u00bb2&Prime; top_padding=\u00a0\u00bb3&Prime; bottom_padding=\u00a0\u00bb3&Prime; overlay_alpha=\u00a0\u00bb50&Prime; gutter_size=\u00a0\u00bb4&Prime; column_width_percent=\u00a0\u00bb100&Prime; shift_y=\u00a0\u00bb0&Prime; z_index=\u00a0\u00bb0&Prime; enable_top_divider=\u00a0\u00bbdefault\u00a0\u00bb top_divider=\u00a0\u00bbgradient\u00a0\u00bb shape_top_h_use_pixel=\u00a0\u00bb\u00a0\u00bb shape_top_height=\u00a0\u00bb150&Prime; shape_top_opacity=\u00a0\u00bb100&Prime; shape_top_index=\u00a0\u00bb0&Prime; content_parallax=\u00a0\u00bb0&Prime; uncode_shortcode_id=\u00a0\u00bb152824&Prime;][vc_column column_width_percent=\u00a0\u00bb100&Prime; gutter_size=\u00a0\u00bb3&Prime; overlay_alpha=\u00a0\u00bb50&Prime; shift_x=\u00a0\u00bb0&Prime; shift_y=\u00a0\u00bb0&Prime; shift_y_down=\u00a0\u00bb0&Prime; z_index=\u00a0\u00bb0&Prime; medium_width=\u00a0\u00bb0&Prime; mobile_width=\u00a0\u00bb0&Prime; parallax_intensity=\u00a0\u00bb3&Prime; width=\u00a0\u00bb1\/1&Prime; uncode_shortcode_id=\u00a0\u00bb649535&Prime;][vc_button size=\u00a0\u00bblink\u00a0\u00bb uncode_shortcode_id=\u00a0\u00bb102093&Prime; link=\u00a0\u00bburl:https%3A%2F%2Fe-framer.ch%2Ffr%2Factualites%2F|title:News|\u00a0\u00bb]&lt; retour \u00e0 toutes les actualit\u00e9s[\/vc_button][vc_row_inner][vc_column_inner column_width_percent=\u00a0\u00bb100&Prime; align_horizontal=\u00a0\u00bbalign_center\u00a0\u00bb gutter_size=\u00a0\u00bb3&Prime; overlay_alpha=\u00a0\u00bb50&Prime; shift_x=\u00a0\u00bb0&Prime; shift_y=\u00a0\u00bb0&Prime; shift_y_down=\u00a0\u00bb0&Prime; z_index=\u00a0\u00bb0&Prime; medium_width=\u00a0\u00bb0&Prime; mobile_width=\u00a0\u00bb0&Prime; width=\u00a0\u00bb1\/1&Prime; uncode_shortcode_id=\u00a0\u00bb158342&Prime;][vc_custom_heading auto_text=\u00a0\u00bbyes\u00a0\u00bb separator=\u00a0\u00bbyes\u00a0\u00bb uncode_shortcode_id=\u00a0\u00bb359288&Prime; subheading=\u00a0\u00bbVersion : 26.04.2025&Prime;]Notre \u00e9quipe[\/vc_custom_heading][\/vc_column_inner][\/vc_row_inner][vc_column_text uncode_shortcode_id=\u00a0\u00bb108726&Prime;]<\/p>\n<p class=\"p1\">En raison des nombreuses commandes pass\u00e9es ces derni\u00e8res semaines, les premiers mod\u00e8les ou tailles sont d\u00e9j\u00e0 \u00e9puis\u00e9s.<\/p>\n<p>[\/vc_column_text][\/vc_column][\/vc_row][vc_row][vc_column column_width_percent=\u00a0\u00bb100&Prime; position_horizontal=\u00a0\u00bbleft\u00a0\u00bb gutter_size=\u00a0\u00bb3&Prime; overlay_alpha=\u00a0\u00bb50&Prime; shift_x=\u00a0\u00bb0&Prime; shift_y=\u00a0\u00bb0&Prime; shift_y_down=\u00a0\u00bb0&Prime; z_index=\u00a0\u00bb0&Prime; medium_width=\u00a0\u00bb0&Prime; mobile_width=\u00a0\u00bb0&Prime; width=\u00a0\u00bb1\/1&Prime; uncode_shortcode_id=\u00a0\u00bb210477&Prime;][vc_custom_heading heading_semantic=\u00a0\u00bbh3&Prime; text_size=\u00a0\u00bbh3&Prime; uncode_shortcode_id=\u00a0\u00bb201832&Prime;]eAlpin Pro[\/vc_custom_heading][vc_column_text uncode_shortcode_id=\u00a0\u00bb355503&Prime;]<strong>Taille S<\/strong><\/p>\n<p>En rupture de stock. De nouveau disponible en 2027. <\/p>\n<p><strong>Taille M<\/strong><\/p>\n<p>Cette taille est \u00e9puis\u00e9e en ligne. Cependant, dans les magasins Ochsner Sport, il reste encore quelques pi\u00e8ces d&rsquo;exposition avec peu de kilom\u00e8tres parcourus. <\/p>\n<p>Rends-toi maintenant sur <a href=\"https:\/\/www.ochsnersport.ch\/de\/shop\/e-framer-pro-29-e-mountainbike-grau-00002002552315-p.html\">ochsnersport.ch<\/a> et v\u00e9rifie le stock actuel de la filiale. Clique l\u00e0 sur \u00ab\u00a0V\u00e9rifier la disponibilit\u00e9 dans ton magasin\u00a0\u00bb et tu verras alors quel magasin a encore un eAlpin Pro en taille M en stock. <\/p>\n<p>Le mieux est de t\u00e9l\u00e9phoner imm\u00e9diatement \u00e0 la succursale et de r\u00e9server ton e-bike avant que quelqu&rsquo;un ne le fasse plus vite. Tu peux ensuite payer et r\u00e9cup\u00e9rer ton e-bike dans le magasin. <\/p>\n<p><a href=\"https:\/\/www.ochsnersport.ch\/de\/shop\/e-framer-pro-29-e-mountainbike-grau-00002002552315-p.html\" target=\"_blank\" rel=\"noopener\">V\u00e9rifier ici le stock du magasin<\/a>[\/vc_column_text][\/vc_column][\/vc_row][vc_row row_height_percent=\u00a0\u00bb0&Prime; override_padding=\u00a0\u00bbyes\u00a0\u00bb h_padding=\u00a0\u00bb2&Prime; top_padding=\u00a0\u00bb2&Prime; bottom_padding=\u00a0\u00bb5&Prime; overlay_alpha=\u00a0\u00bb50&Prime; gutter_size=\u00a0\u00bb3&Prime; column_width_percent=\u00a0\u00bb100&Prime; shift_y=\u00a0\u00bb0&Prime; z_index=\u00a0\u00bb0&Prime; content_parallax=\u00a0\u00bb0&Prime; uncode_shortcode_id=\u00a0\u00bb505008&Prime;][vc_column width=\u00a0\u00bb1\/1&Prime;][vc_button size=\u00a0\u00bblink\u00a0\u00bb uncode_shortcode_id=\u00a0\u00bb125701&Prime; link=\u00a0\u00bburl:https%3A%2F%2Fe-framer.ch%2Ffr%2Factualites%2F|title:News|\u00a0\u00bb]&lt; retour \u00e0 toutes les actualit\u00e9s[\/vc_button][\/vc_column][\/vc_row][vc_row][vc_column width=\u00a0\u00bb1\/1&Prime;][\/vc_column][\/vc_row]<\/p>\n<\/div>","protected":false},"excerpt":{"rendered":"<p>[vc_row row_height_percent=\u00a0\u00bb50&Prime; override_padding=\u00a0\u00bbyes\u00a0\u00bb h_padding=\u00a0\u00bb3&Prime; top_padding=\u00a0\u00bb5&Prime; bottom_padding=\u00a0\u00bb4&Prime; back_image=\u00a0\u00bb171904&Prime; overlay_alpha=\u00a0\u00bb50&Prime; gutter_size=\u00a0\u00bb3&Prime; column_width_percent=\u00a0\u00bb100&Prime; shift_y=\u00a0\u00bb0&Prime; z_index=\u00a0\u00bb0&Prime; enable_bottom_divider=\u00a0\u00bbdefault\u00a0\u00bb bottom_divider=\u00a0\u00bbgradient\u00a0\u00bb shape_bottom_h_use_pixel=\u00a0\u00bb\u00a0\u00bb shape_bottom_height=\u00a0\u00bb150&Prime; shape_bottom_opacity=\u00a0\u00bb100&Prime; shape_bottom_index=\u00a0\u00bb0&Prime; content_parallax=\u00a0\u00bb0&Prime; uncode_shortcode_id=\u00a0\u00bb188364&Prime;][vc_column [&hellip;]<\/p>\n","protected":false},"author":1,"featured_media":182113,"comment_status":"open","ping_status":"open","sticky":false,"template":"","format":"standard","meta":{"footnotes":""},"categories":[563],"tags":[],"class_list":["post-182112","post","type-post","status-publish","format-standard","has-post-thumbnail","hentry","category-actualites"],"yoast_head":"<!-- This site is optimized with the Yoast SEO Premium plugin v27.4 (Yoast SEO v27.4) - https:\/\/yoast.com\/product\/yoast-seo-premium-wordpress\/ -->\n<title>Premiers mod\u00e8les \u00e9puis\u00e9s - eFRAMER \u2013 Premium Swiss e-Bikes &amp; Services<\/title>\n<meta name=\"robots\" content=\"index, follow, max-snippet:-1, max-image-preview:large, max-video-preview:-1\" \/>\n<link rel=\"canonical\" href=\"https:\/\/e-framer.ch\/fr\/2026\/04\/25\/premiers-modeles-epuises\/\" \/>\n<meta property=\"og:locale\" content=\"fr_FR\" \/>\n<meta property=\"og:type\" content=\"article\" \/>\n<meta property=\"og:title\" content=\"Premiers mod\u00e8les \u00e9puis\u00e9s\" \/>\n<meta property=\"og:description\" content=\"[vc_row row_height_percent=\u00a0\u00bb50&Prime; override_padding=\u00a0\u00bbyes\u00a0\u00bb h_padding=\u00a0\u00bb3&Prime; top_padding=\u00a0\u00bb5&Prime; bottom_padding=\u00a0\u00bb4&Prime; back_image=\u00a0\u00bb171904&Prime; overlay_alpha=\u00a0\u00bb50&Prime; gutter_size=\u00a0\u00bb3&Prime; column_width_percent=\u00a0\u00bb100&Prime; shift_y=\u00a0\u00bb0&Prime; z_index=\u00a0\u00bb0&Prime; enable_bottom_divider=\u00a0\u00bbdefault\u00a0\u00bb bottom_divider=\u00a0\u00bbgradient\u00a0\u00bb shape_bottom_h_use_pixel=\u00a0\u00bb\u00a0\u00bb shape_bottom_height=\u00a0\u00bb150&Prime; shape_bottom_opacity=\u00a0\u00bb100&Prime; shape_bottom_index=\u00a0\u00bb0&Prime; content_parallax=\u00a0\u00bb0&Prime; uncode_shortcode_id=\u00a0\u00bb188364&Prime;][vc_column [&hellip;]\" \/>\n<meta property=\"og:url\" content=\"https:\/\/e-framer.ch\/fr\/2026\/04\/25\/premiers-modeles-epuises\/\" \/>\n<meta property=\"og:site_name\" content=\"eFRAMER \u2013 Premium Swiss e-Bikes &amp; Services\" \/>\n<meta property=\"article:publisher\" content=\"https:\/\/www.facebook.com\/profile.php?id=100063641028577#\" \/>\n<meta property=\"article:published_time\" content=\"2026-04-25T22:48:57+00:00\" \/>\n<meta property=\"article:modified_time\" content=\"2026-04-25T22:51:49+00:00\" \/>\n<meta property=\"og:image\" content=\"https:\/\/e-framer.ch\/wp-content\/uploads\/2026\/04\/erste-Groessen-ausverlauft.jpg\" \/>\n\t<meta property=\"og:image:width\" content=\"1200\" \/>\n\t<meta property=\"og:image:height\" content=\"1200\" \/>\n\t<meta property=\"og:image:type\" content=\"image\/jpeg\" \/>\n<meta name=\"author\" content=\"umxh4\" \/>\n<meta name=\"twitter:card\" content=\"summary_large_image\" \/>\n<meta name=\"twitter:label1\" content=\"\u00c9crit par\" \/>\n\t<meta name=\"twitter:data1\" content=\"umxh4\" \/>\n\t<meta name=\"twitter:label2\" content=\"Dur\u00e9e de lecture estim\u00e9e\" \/>\n\t<meta name=\"twitter:data2\" content=\"3 minutes\" \/>\n<script type=\"application\/ld+json\" class=\"yoast-schema-graph\">{\"@context\":\"https:\\\/\\\/schema.org\",\"@graph\":[{\"@type\":\"Article\",\"@id\":\"https:\\\/\\\/e-framer.ch\\\/fr\\\/2026\\\/04\\\/25\\\/premiers-modeles-epuises\\\/#article\",\"isPartOf\":{\"@id\":\"https:\\\/\\\/e-framer.ch\\\/fr\\\/2026\\\/04\\\/25\\\/premiers-modeles-epuises\\\/\"},\"author\":{\"name\":\"umxh4\",\"@id\":\"https:\\\/\\\/e-framer.ch\\\/fr\\\/#\\\/schema\\\/person\\\/0731591d693d53b173d4d910a2cc6aab\"},\"headline\":\"Premiers mod\u00e8les \u00e9puis\u00e9s\",\"datePublished\":\"2026-04-25T22:48:57+00:00\",\"dateModified\":\"2026-04-25T22:51:49+00:00\",\"mainEntityOfPage\":{\"@id\":\"https:\\\/\\\/e-framer.ch\\\/fr\\\/2026\\\/04\\\/25\\\/premiers-modeles-epuises\\\/\"},\"wordCount\":581,\"commentCount\":0,\"publisher\":{\"@id\":\"https:\\\/\\\/e-framer.ch\\\/fr\\\/#organization\"},\"image\":{\"@id\":\"https:\\\/\\\/e-framer.ch\\\/fr\\\/2026\\\/04\\\/25\\\/premiers-modeles-epuises\\\/#primaryimage\"},\"thumbnailUrl\":\"https:\\\/\\\/e-framer.ch\\\/wp-content\\\/uploads\\\/2026\\\/04\\\/erste-Groessen-ausverlauft.jpg\",\"articleSection\":[\"Actualit\u00e9s\"],\"inLanguage\":\"fr-FR\",\"potentialAction\":[{\"@type\":\"CommentAction\",\"name\":\"Comment\",\"target\":[\"https:\\\/\\\/e-framer.ch\\\/fr\\\/2026\\\/04\\\/25\\\/premiers-modeles-epuises\\\/#respond\"]}]},{\"@type\":\"WebPage\",\"@id\":\"https:\\\/\\\/e-framer.ch\\\/fr\\\/2026\\\/04\\\/25\\\/premiers-modeles-epuises\\\/\",\"url\":\"https:\\\/\\\/e-framer.ch\\\/fr\\\/2026\\\/04\\\/25\\\/premiers-modeles-epuises\\\/\",\"name\":\"Premiers mod\u00e8les \u00e9puis\u00e9s - eFRAMER \u2013 Premium Swiss e-Bikes &amp; Services\",\"isPartOf\":{\"@id\":\"https:\\\/\\\/e-framer.ch\\\/fr\\\/#website\"},\"primaryImageOfPage\":{\"@id\":\"https:\\\/\\\/e-framer.ch\\\/fr\\\/2026\\\/04\\\/25\\\/premiers-modeles-epuises\\\/#primaryimage\"},\"image\":{\"@id\":\"https:\\\/\\\/e-framer.ch\\\/fr\\\/2026\\\/04\\\/25\\\/premiers-modeles-epuises\\\/#primaryimage\"},\"thumbnailUrl\":\"https:\\\/\\\/e-framer.ch\\\/wp-content\\\/uploads\\\/2026\\\/04\\\/erste-Groessen-ausverlauft.jpg\",\"datePublished\":\"2026-04-25T22:48:57+00:00\",\"dateModified\":\"2026-04-25T22:51:49+00:00\",\"breadcrumb\":{\"@id\":\"https:\\\/\\\/e-framer.ch\\\/fr\\\/2026\\\/04\\\/25\\\/premiers-modeles-epuises\\\/#breadcrumb\"},\"inLanguage\":\"fr-FR\",\"potentialAction\":[{\"@type\":\"ReadAction\",\"target\":[\"https:\\\/\\\/e-framer.ch\\\/fr\\\/2026\\\/04\\\/25\\\/premiers-modeles-epuises\\\/\"]}]},{\"@type\":\"ImageObject\",\"inLanguage\":\"fr-FR\",\"@id\":\"https:\\\/\\\/e-framer.ch\\\/fr\\\/2026\\\/04\\\/25\\\/premiers-modeles-epuises\\\/#primaryimage\",\"url\":\"https:\\\/\\\/e-framer.ch\\\/wp-content\\\/uploads\\\/2026\\\/04\\\/erste-Groessen-ausverlauft.jpg\",\"contentUrl\":\"https:\\\/\\\/e-framer.ch\\\/wp-content\\\/uploads\\\/2026\\\/04\\\/erste-Groessen-ausverlauft.jpg\",\"width\":1200,\"height\":1200},{\"@type\":\"BreadcrumbList\",\"@id\":\"https:\\\/\\\/e-framer.ch\\\/fr\\\/2026\\\/04\\\/25\\\/premiers-modeles-epuises\\\/#breadcrumb\",\"itemListElement\":[{\"@type\":\"ListItem\",\"position\":1,\"name\":\"Start\",\"item\":\"https:\\\/\\\/e-framer.ch\\\/fr\\\/\"},{\"@type\":\"ListItem\",\"position\":2,\"name\":\"Premiers mod\u00e8les \u00e9puis\u00e9s\"}]},{\"@type\":\"WebSite\",\"@id\":\"https:\\\/\\\/e-framer.ch\\\/fr\\\/#website\",\"url\":\"https:\\\/\\\/e-framer.ch\\\/fr\\\/\",\"name\":\"eFRAMER \u2013 Premium Swiss e-Bikes & Services\",\"description\":\"Die Schweizer e-Bike Marke mit hochwertigen e-Bikes und Premium-Services.\",\"publisher\":{\"@id\":\"https:\\\/\\\/e-framer.ch\\\/fr\\\/#organization\"},\"potentialAction\":[{\"@type\":\"SearchAction\",\"target\":{\"@type\":\"EntryPoint\",\"urlTemplate\":\"https:\\\/\\\/e-framer.ch\\\/fr\\\/?s={search_term_string}\"},\"query-input\":{\"@type\":\"PropertyValueSpecification\",\"valueRequired\":true,\"valueName\":\"search_term_string\"}}],\"inLanguage\":\"fr-FR\"},{\"@type\":\"Organization\",\"@id\":\"https:\\\/\\\/e-framer.ch\\\/fr\\\/#organization\",\"name\":\"eFRAMER \u2013 Premium Swiss e-Bikes & Services\",\"url\":\"https:\\\/\\\/e-framer.ch\\\/fr\\\/\",\"logo\":{\"@type\":\"ImageObject\",\"inLanguage\":\"fr-FR\",\"@id\":\"https:\\\/\\\/e-framer.ch\\\/fr\\\/#\\\/schema\\\/logo\\\/image\\\/\",\"url\":\"https:\\\/\\\/e-framer.ch\\\/wp-content\\\/uploads\\\/2026\\\/01\\\/eFRAMER_FIGURATIVE_POS.svg\",\"contentUrl\":\"https:\\\/\\\/e-framer.ch\\\/wp-content\\\/uploads\\\/2026\\\/01\\\/eFRAMER_FIGURATIVE_POS.svg\",\"width\":\"50\",\"height\":\"50\",\"caption\":\"eFRAMER \u2013 Premium Swiss e-Bikes & Services\"},\"image\":{\"@id\":\"https:\\\/\\\/e-framer.ch\\\/fr\\\/#\\\/schema\\\/logo\\\/image\\\/\"},\"sameAs\":[\"https:\\\/\\\/www.facebook.com\\\/profile.php?id=100063641028577#\",\"https:\\\/\\\/www.instagram.com\\\/e_framer.ch\\\/\",\"https:\\\/\\\/www.youtube.com\\\/@eframer\"]},{\"@type\":\"Person\",\"@id\":\"https:\\\/\\\/e-framer.ch\\\/fr\\\/#\\\/schema\\\/person\\\/0731591d693d53b173d4d910a2cc6aab\",\"name\":\"umxh4\",\"image\":{\"@type\":\"ImageObject\",\"inLanguage\":\"fr-FR\",\"@id\":\"https:\\\/\\\/secure.gravatar.com\\\/avatar\\\/737f780bc475fbce189c4131a0d92bd786b0ed71e244f63fb202bea11988b50d?s=96&d=mm&r=g\",\"url\":\"https:\\\/\\\/secure.gravatar.com\\\/avatar\\\/737f780bc475fbce189c4131a0d92bd786b0ed71e244f63fb202bea11988b50d?s=96&d=mm&r=g\",\"contentUrl\":\"https:\\\/\\\/secure.gravatar.com\\\/avatar\\\/737f780bc475fbce189c4131a0d92bd786b0ed71e244f63fb202bea11988b50d?s=96&d=mm&r=g\",\"caption\":\"umxh4\"},\"url\":\"https:\\\/\\\/e-framer.ch\\\/fr\\\/author\\\/umxh4\\\/\"}]}<\/script>\n<!-- \/ Yoast SEO Premium plugin. -->","yoast_head_json":{"title":"Premiers mod\u00e8les \u00e9puis\u00e9s - eFRAMER \u2013 Premium Swiss e-Bikes &amp; Services","robots":{"index":"index","follow":"follow","max-snippet":"max-snippet:-1","max-image-preview":"max-image-preview:large","max-video-preview":"max-video-preview:-1"},"canonical":"https:\/\/e-framer.ch\/fr\/2026\/04\/25\/premiers-modeles-epuises\/","og_locale":"fr_FR","og_type":"article","og_title":"Premiers mod\u00e8les \u00e9puis\u00e9s","og_description":"[vc_row row_height_percent=\u00a0\u00bb50&Prime; override_padding=\u00a0\u00bbyes\u00a0\u00bb h_padding=\u00a0\u00bb3&Prime; top_padding=\u00a0\u00bb5&Prime; bottom_padding=\u00a0\u00bb4&Prime; back_image=\u00a0\u00bb171904&Prime; overlay_alpha=\u00a0\u00bb50&Prime; gutter_size=\u00a0\u00bb3&Prime; column_width_percent=\u00a0\u00bb100&Prime; shift_y=\u00a0\u00bb0&Prime; z_index=\u00a0\u00bb0&Prime; enable_bottom_divider=\u00a0\u00bbdefault\u00a0\u00bb bottom_divider=\u00a0\u00bbgradient\u00a0\u00bb shape_bottom_h_use_pixel=\u00a0\u00bb\u00a0\u00bb shape_bottom_height=\u00a0\u00bb150&Prime; shape_bottom_opacity=\u00a0\u00bb100&Prime; shape_bottom_index=\u00a0\u00bb0&Prime; content_parallax=\u00a0\u00bb0&Prime; uncode_shortcode_id=\u00a0\u00bb188364&Prime;][vc_column [&hellip;]","og_url":"https:\/\/e-framer.ch\/fr\/2026\/04\/25\/premiers-modeles-epuises\/","og_site_name":"eFRAMER \u2013 Premium Swiss e-Bikes &amp; Services","article_publisher":"https:\/\/www.facebook.com\/profile.php?id=100063641028577#","article_published_time":"2026-04-25T22:48:57+00:00","article_modified_time":"2026-04-25T22:51:49+00:00","og_image":[{"width":1200,"height":1200,"url":"https:\/\/e-framer.ch\/wp-content\/uploads\/2026\/04\/erste-Groessen-ausverlauft.jpg","type":"image\/jpeg"}],"author":"umxh4","twitter_card":"summary_large_image","twitter_misc":{"\u00c9crit par":"umxh4","Dur\u00e9e de lecture estim\u00e9e":"3 minutes"},"schema":{"@context":"https:\/\/schema.org","@graph":[{"@type":"Article","@id":"https:\/\/e-framer.ch\/fr\/2026\/04\/25\/premiers-modeles-epuises\/#article","isPartOf":{"@id":"https:\/\/e-framer.ch\/fr\/2026\/04\/25\/premiers-modeles-epuises\/"},"author":{"name":"umxh4","@id":"https:\/\/e-framer.ch\/fr\/#\/schema\/person\/0731591d693d53b173d4d910a2cc6aab"},"headline":"Premiers mod\u00e8les \u00e9puis\u00e9s","datePublished":"2026-04-25T22:48:57+00:00","dateModified":"2026-04-25T22:51:49+00:00","mainEntityOfPage":{"@id":"https:\/\/e-framer.ch\/fr\/2026\/04\/25\/premiers-modeles-epuises\/"},"wordCount":581,"commentCount":0,"publisher":{"@id":"https:\/\/e-framer.ch\/fr\/#organization"},"image":{"@id":"https:\/\/e-framer.ch\/fr\/2026\/04\/25\/premiers-modeles-epuises\/#primaryimage"},"thumbnailUrl":"https:\/\/e-framer.ch\/wp-content\/uploads\/2026\/04\/erste-Groessen-ausverlauft.jpg","articleSection":["Actualit\u00e9s"],"inLanguage":"fr-FR","potentialAction":[{"@type":"CommentAction","name":"Comment","target":["https:\/\/e-framer.ch\/fr\/2026\/04\/25\/premiers-modeles-epuises\/#respond"]}]},{"@type":"WebPage","@id":"https:\/\/e-framer.ch\/fr\/2026\/04\/25\/premiers-modeles-epuises\/","url":"https:\/\/e-framer.ch\/fr\/2026\/04\/25\/premiers-modeles-epuises\/","name":"Premiers mod\u00e8les \u00e9puis\u00e9s - eFRAMER \u2013 Premium Swiss e-Bikes &amp; Services","isPartOf":{"@id":"https:\/\/e-framer.ch\/fr\/#website"},"primaryImageOfPage":{"@id":"https:\/\/e-framer.ch\/fr\/2026\/04\/25\/premiers-modeles-epuises\/#primaryimage"},"image":{"@id":"https:\/\/e-framer.ch\/fr\/2026\/04\/25\/premiers-modeles-epuises\/#primaryimage"},"thumbnailUrl":"https:\/\/e-framer.ch\/wp-content\/uploads\/2026\/04\/erste-Groessen-ausverlauft.jpg","datePublished":"2026-04-25T22:48:57+00:00","dateModified":"2026-04-25T22:51:49+00:00","breadcrumb":{"@id":"https:\/\/e-framer.ch\/fr\/2026\/04\/25\/premiers-modeles-epuises\/#breadcrumb"},"inLanguage":"fr-FR","potentialAction":[{"@type":"ReadAction","target":["https:\/\/e-framer.ch\/fr\/2026\/04\/25\/premiers-modeles-epuises\/"]}]},{"@type":"ImageObject","inLanguage":"fr-FR","@id":"https:\/\/e-framer.ch\/fr\/2026\/04\/25\/premiers-modeles-epuises\/#primaryimage","url":"https:\/\/e-framer.ch\/wp-content\/uploads\/2026\/04\/erste-Groessen-ausverlauft.jpg","contentUrl":"https:\/\/e-framer.ch\/wp-content\/uploads\/2026\/04\/erste-Groessen-ausverlauft.jpg","width":1200,"height":1200},{"@type":"BreadcrumbList","@id":"https:\/\/e-framer.ch\/fr\/2026\/04\/25\/premiers-modeles-epuises\/#breadcrumb","itemListElement":[{"@type":"ListItem","position":1,"name":"Start","item":"https:\/\/e-framer.ch\/fr\/"},{"@type":"ListItem","position":2,"name":"Premiers mod\u00e8les \u00e9puis\u00e9s"}]},{"@type":"WebSite","@id":"https:\/\/e-framer.ch\/fr\/#website","url":"https:\/\/e-framer.ch\/fr\/","name":"eFRAMER \u2013 Premium Swiss e-Bikes & Services","description":"Die Schweizer e-Bike Marke mit hochwertigen e-Bikes und Premium-Services.","publisher":{"@id":"https:\/\/e-framer.ch\/fr\/#organization"},"potentialAction":[{"@type":"SearchAction","target":{"@type":"EntryPoint","urlTemplate":"https:\/\/e-framer.ch\/fr\/?s={search_term_string}"},"query-input":{"@type":"PropertyValueSpecification","valueRequired":true,"valueName":"search_term_string"}}],"inLanguage":"fr-FR"},{"@type":"Organization","@id":"https:\/\/e-framer.ch\/fr\/#organization","name":"eFRAMER \u2013 Premium Swiss e-Bikes & Services","url":"https:\/\/e-framer.ch\/fr\/","logo":{"@type":"ImageObject","inLanguage":"fr-FR","@id":"https:\/\/e-framer.ch\/fr\/#\/schema\/logo\/image\/","url":"https:\/\/e-framer.ch\/wp-content\/uploads\/2026\/01\/eFRAMER_FIGURATIVE_POS.svg","contentUrl":"https:\/\/e-framer.ch\/wp-content\/uploads\/2026\/01\/eFRAMER_FIGURATIVE_POS.svg","width":"50","height":"50","caption":"eFRAMER \u2013 Premium Swiss e-Bikes & Services"},"image":{"@id":"https:\/\/e-framer.ch\/fr\/#\/schema\/logo\/image\/"},"sameAs":["https:\/\/www.facebook.com\/profile.php?id=100063641028577#","https:\/\/www.instagram.com\/e_framer.ch\/","https:\/\/www.youtube.com\/@eframer"]},{"@type":"Person","@id":"https:\/\/e-framer.ch\/fr\/#\/schema\/person\/0731591d693d53b173d4d910a2cc6aab","name":"umxh4","image":{"@type":"ImageObject","inLanguage":"fr-FR","@id":"https:\/\/secure.gravatar.com\/avatar\/737f780bc475fbce189c4131a0d92bd786b0ed71e244f63fb202bea11988b50d?s=96&d=mm&r=g","url":"https:\/\/secure.gravatar.com\/avatar\/737f780bc475fbce189c4131a0d92bd786b0ed71e244f63fb202bea11988b50d?s=96&d=mm&r=g","contentUrl":"https:\/\/secure.gravatar.com\/avatar\/737f780bc475fbce189c4131a0d92bd786b0ed71e244f63fb202bea11988b50d?s=96&d=mm&r=g","caption":"umxh4"},"url":"https:\/\/e-framer.ch\/fr\/author\/umxh4\/"}]}},"_links":{"self":[{"href":"https:\/\/e-framer.ch\/fr\/wp-json\/wp\/v2\/posts\/182112","targetHints":{"allow":["GET"]}}],"collection":[{"href":"https:\/\/e-framer.ch\/fr\/wp-json\/wp\/v2\/posts"}],"about":[{"href":"https:\/\/e-framer.ch\/fr\/wp-json\/wp\/v2\/types\/post"}],"author":[{"embeddable":true,"href":"https:\/\/e-framer.ch\/fr\/wp-json\/wp\/v2\/users\/1"}],"replies":[{"embeddable":true,"href":"https:\/\/e-framer.ch\/fr\/wp-json\/wp\/v2\/comments?post=182112"}],"version-history":[{"count":10,"href":"https:\/\/e-framer.ch\/fr\/wp-json\/wp\/v2\/posts\/182112\/revisions"}],"predecessor-version":[{"id":182147,"href":"https:\/\/e-framer.ch\/fr\/wp-json\/wp\/v2\/posts\/182112\/revisions\/182147"}],"wp:featuredmedia":[{"embeddable":true,"href":"https:\/\/e-framer.ch\/fr\/wp-json\/wp\/v2\/media\/182113"}],"wp:attachment":[{"href":"https:\/\/e-framer.ch\/fr\/wp-json\/wp\/v2\/media?parent=182112"}],"wp:term":[{"taxonomy":"category","embeddable":true,"href":"https:\/\/e-framer.ch\/fr\/wp-json\/wp\/v2\/categories?post=182112"},{"taxonomy":"post_tag","embeddable":true,"href":"https:\/\/e-framer.ch\/fr\/wp-json\/wp\/v2\/tags?post=182112"}],"curies":[{"name":"wp","href":"https:\/\/api.w.org\/{rel}","templated":true}]}}