{"id":180281,"date":"2026-03-25T09:09:20","date_gmt":"2026-03-25T09:09:20","guid":{"rendered":"https:\/\/e-framer.ch\/2026\/03\/25\/evenements-dates-2026\/"},"modified":"2026-04-15T03:46:01","modified_gmt":"2026-04-15T03:46:01","slug":"evenements-dates-2026","status":"publish","type":"post","link":"https:\/\/e-framer.ch\/fr\/2026\/03\/25\/evenements-dates-2026\/","title":{"rendered":"\u00c9v\u00e9nements &amp; dates 2026"},"content":{"rendered":"<div class=\"wpb-content-wrapper\"><p>[vc_row row_height_percent=\u00a0\u00bb50&Prime; override_padding=\u00a0\u00bbyes\u00a0\u00bb h_padding=\u00a0\u00bb3&Prime; top_padding=\u00a0\u00bb5&Prime; bottom_padding=\u00a0\u00bb4&Prime; back_image=\u00a0\u00bb171904&Prime; overlay_alpha=\u00a0\u00bb50&Prime; gutter_size=\u00a0\u00bb3&Prime; column_width_percent=\u00a0\u00bb100&Prime; shift_y=\u00a0\u00bb0&Prime; z_index=\u00a0\u00bb0&Prime; enable_bottom_divider=\u00a0\u00bbdefault\u00a0\u00bb bottom_divider=\u00a0\u00bbgradient\u00a0\u00bb shape_bottom_h_use_pixel=\u00a0\u00bb\u00a0\u00bb shape_bottom_height=\u00a0\u00bb150&Prime; shape_bottom_opacity=\u00a0\u00bb100&Prime; shape_bottom_index=\u00a0\u00bb0&Prime; content_parallax=\u00a0\u00bb0&Prime; uncode_shortcode_id=\u00a0\u00bb188364&Prime;][vc_column column_width_percent=\u00a0\u00bb100&Prime; align_horizontal=\u00a0\u00bbalign_center\u00a0\u00bb gutter_size=\u00a0\u00bb3&Prime; overlay_alpha=\u00a0\u00bb50&Prime; shift_x=\u00a0\u00bb0&Prime; shift_y=\u00a0\u00bb0&Prime; shift_y_down=\u00a0\u00bb0&Prime; z_index=\u00a0\u00bb0&Prime; medium_width=\u00a0\u00bb0&Prime; mobile_width=\u00a0\u00bb0&Prime; width=\u00a0\u00bb1\/1&Prime; uncode_shortcode_id=\u00a0\u00bb804914&Prime;][vc_custom_heading text_color=\u00a0\u00bbcolor-131212&Prime; heading_semantic=\u00a0\u00bbh1&Prime; text_size=\u00a0\u00bbh1&Prime; text_italic=\u00a0\u00bbyes\u00a0\u00bb uncode_shortcode_id=\u00a0\u00bb109936&Prime; text_color_type=\u00a0\u00bbuncode-palette\u00a0\u00bb]Si tu ne viens pas \u00e0 nous,<br \/>\nnous viendrons \u00e0 toi.[\/vc_custom_heading][\/vc_column][\/vc_row][vc_row row_height_percent=\u00a0\u00bb0&Prime; override_padding=\u00a0\u00bbyes\u00a0\u00bb h_padding=\u00a0\u00bb2&Prime; top_padding=\u00a0\u00bb3&Prime; bottom_padding=\u00a0\u00bb3&Prime; overlay_alpha=\u00a0\u00bb50&Prime; gutter_size=\u00a0\u00bb4&Prime; column_width_percent=\u00a0\u00bb100&Prime; shift_y=\u00a0\u00bb0&Prime; z_index=\u00a0\u00bb0&Prime; enable_top_divider=\u00a0\u00bbdefault\u00a0\u00bb top_divider=\u00a0\u00bbgradient\u00a0\u00bb shape_top_h_use_pixel=\u00a0\u00bb\u00a0\u00bb shape_top_height=\u00a0\u00bb150&Prime; shape_top_opacity=\u00a0\u00bb100&Prime; shape_top_index=\u00a0\u00bb0&Prime; content_parallax=\u00a0\u00bb0&Prime; uncode_shortcode_id=\u00a0\u00bb152824&Prime;][vc_column column_width_percent=\u00a0\u00bb100&Prime; gutter_size=\u00a0\u00bb3&Prime; overlay_alpha=\u00a0\u00bb50&Prime; shift_x=\u00a0\u00bb0&Prime; shift_y=\u00a0\u00bb0&Prime; shift_y_down=\u00a0\u00bb0&Prime; z_index=\u00a0\u00bb0&Prime; medium_width=\u00a0\u00bb0&Prime; mobile_width=\u00a0\u00bb0&Prime; parallax_intensity=\u00a0\u00bb3&Prime; width=\u00a0\u00bb1\/1&Prime; uncode_shortcode_id=\u00a0\u00bb649535&Prime;][vc_button size=\u00a0\u00bblink\u00a0\u00bb uncode_shortcode_id=\u00a0\u00bb102093&Prime; link=\u00a0\u00bburl:https%3A%2F%2Fe-framer.ch%2Ffr%2Factualites%2F|title:News|\u00a0\u00bb]&lt; retour \u00e0 toutes les actualit\u00e9s[\/vc_button][vc_row_inner][vc_column_inner column_width_percent=\u00a0\u00bb100&Prime; align_horizontal=\u00a0\u00bbalign_center\u00a0\u00bb gutter_size=\u00a0\u00bb3&Prime; overlay_alpha=\u00a0\u00bb50&Prime; shift_x=\u00a0\u00bb0&Prime; shift_y=\u00a0\u00bb0&Prime; shift_y_down=\u00a0\u00bb0&Prime; z_index=\u00a0\u00bb0&Prime; medium_width=\u00a0\u00bb0&Prime; mobile_width=\u00a0\u00bb0&Prime; width=\u00a0\u00bb1\/1&Prime; uncode_shortcode_id=\u00a0\u00bb158342&Prime;][vc_custom_heading auto_text=\u00a0\u00bbyes\u00a0\u00bb separator=\u00a0\u00bbyes\u00a0\u00bb uncode_shortcode_id=\u00a0\u00bb965356&Prime; subheading=\u00a0\u00bbNous assemblons, livrons, r\u00e9parons, d\u00e9veloppons, organisons, faisons la promotion et vendons nos e-bikes.\u00a0\u00bb]Notre \u00e9quipe[\/vc_custom_heading][\/vc_column_inner][\/vc_row_inner][vc_column_text uncode_shortcode_id=\u00a0\u00bb118296&Prime;]<\/p>\n<p class=\"p1\">Cette ann\u00e9e encore, nous organisons les c\u00e9l\u00e8bres journ\u00e9es d&rsquo;essai eFRMAER. De plus, nous visiterons des salons dans toute la Suisse et nous serons donc certainement pr\u00e8s de chez toi. <\/p>\n<p>[\/vc_column_text][\/vc_column][\/vc_row][vc_row][vc_column column_width_percent=\u00a0\u00bb100&Prime; position_horizontal=\u00a0\u00bbleft\u00a0\u00bb gutter_size=\u00a0\u00bb3&Prime; overlay_alpha=\u00a0\u00bb50&Prime; shift_x=\u00a0\u00bb0&Prime; shift_y=\u00a0\u00bb0&Prime; shift_y_down=\u00a0\u00bb0&Prime; z_index=\u00a0\u00bb0&Prime; medium_width=\u00a0\u00bb0&Prime; mobile_width=\u00a0\u00bb0&Prime; width=\u00a0\u00bb1\/1&Prime; uncode_shortcode_id=\u00a0\u00bb210477&Prime;][vc_custom_heading uncode_shortcode_id=\u00a0\u00bb565193&Prime;]Dates[\/vc_custom_heading][vc_column_text uncode_shortcode_id=\u00a0\u00bb119629&Prime;]<\/p>\n<h5>Du 15 au 19 avril<\/h5>\n<h3>OFFA<\/h3>\n<ul>\n<li>Parc des expositions de Saint-Gall<\/li>\n<li>Stand KB.032 (Hall St. Galler Kantonalbank)<\/li>\n<li><a href=\"https:\/\/offa.ch\" target=\"_blank\" rel=\"noopener\">https:\/\/offa.ch<\/a><\/li>\n<\/ul>\n<p>[\/vc_column_text][vc_separator sep_color=\u00a0\u00bb,Default\u00a0\u00bb][vc_column_text uncode_shortcode_id=\u00a0\u00bb125222&Prime;]<\/p>\n<h5>24 avril au 3 mai<\/h5>\n<h3>BEA<\/h3>\n<ul>\n<li>Parc des expositions de Berne<\/li>\n<li>Stand K9.001 (Volets ext\u00e9rieurs)<\/li>\n<li><a href=\"https:\/\/bea-messe.ch\" target=\"_blank\" rel=\"noopener\">https:\/\/bea-messe.ch<\/a><\/li>\n<\/ul>\n<p>[\/vc_column_text][vc_separator sep_color=\u00a0\u00bb,Default\u00a0\u00bb][vc_column_text uncode_shortcode_id=\u00a0\u00bb103172&Prime;]<\/p>\n<h5>Du 28 au 31 mai<\/h5>\n<h3>Cycle Week<\/h3>\n<ul>\n<li>Europaallee Zurich (directement \u00e0 la gare centrale de Zurich)<\/li>\n<li>Num\u00e9ro de stand \u00e0 venir<\/li>\n<li><a href=\"https:\/\/cycleweek.ch\" target=\"_blank\" rel=\"noopener\">https:\/\/cycleweek.ch<\/a><\/li>\n<\/ul>\n<p>[\/vc_column_text][\/vc_column][\/vc_row][vc_row row_height_percent=\u00a0\u00bb0&Prime; override_padding=\u00a0\u00bbyes\u00a0\u00bb h_padding=\u00a0\u00bb2&Prime; top_padding=\u00a0\u00bb2&Prime; bottom_padding=\u00a0\u00bb5&Prime; overlay_alpha=\u00a0\u00bb50&Prime; gutter_size=\u00a0\u00bb3&Prime; column_width_percent=\u00a0\u00bb100&Prime; shift_y=\u00a0\u00bb0&Prime; z_index=\u00a0\u00bb0&Prime; content_parallax=\u00a0\u00bb0&Prime; uncode_shortcode_id=\u00a0\u00bb505008&Prime;][vc_column width=\u00a0\u00bb1\/1&Prime;][vc_button size=\u00a0\u00bblink\u00a0\u00bb uncode_shortcode_id=\u00a0\u00bb125701&Prime; link=\u00a0\u00bburl:https%3A%2F%2Fe-framer.ch%2Ffr%2Factualites%2F|title:News|\u00a0\u00bb]&lt; retour \u00e0 toutes les actualit\u00e9s[\/vc_button][\/vc_column][\/vc_row][vc_row][vc_column width=\u00a0\u00bb1\/1&Prime;][\/vc_column][\/vc_row]<\/p>\n<\/div>","protected":false},"excerpt":{"rendered":"<p>[vc_row row_height_percent=\u00a0\u00bb50&Prime; override_padding=\u00a0\u00bbyes\u00a0\u00bb h_padding=\u00a0\u00bb3&Prime; top_padding=\u00a0\u00bb5&Prime; bottom_padding=\u00a0\u00bb4&Prime; back_image=\u00a0\u00bb171904&Prime; overlay_alpha=\u00a0\u00bb50&Prime; gutter_size=\u00a0\u00bb3&Prime; column_width_percent=\u00a0\u00bb100&Prime; shift_y=\u00a0\u00bb0&Prime; z_index=\u00a0\u00bb0&Prime; enable_bottom_divider=\u00a0\u00bbdefault\u00a0\u00bb bottom_divider=\u00a0\u00bbgradient\u00a0\u00bb shape_bottom_h_use_pixel=\u00a0\u00bb\u00a0\u00bb shape_bottom_height=\u00a0\u00bb150&Prime; shape_bottom_opacity=\u00a0\u00bb100&Prime; shape_bottom_index=\u00a0\u00bb0&Prime; content_parallax=\u00a0\u00bb0&Prime; uncode_shortcode_id=\u00a0\u00bb188364&Prime;][vc_column [&hellip;]<\/p>\n","protected":false},"author":1,"featured_media":173313,"comment_status":"open","ping_status":"open","sticky":false,"template":"","format":"standard","meta":{"footnotes":""},"categories":[563],"tags":[],"class_list":["post-180281","post","type-post","status-publish","format-standard","has-post-thumbnail","hentry","category-actualites"],"_links":{"self":[{"href":"https:\/\/e-framer.ch\/fr\/wp-json\/wp\/v2\/posts\/180281","targetHints":{"allow":["GET"]}}],"collection":[{"href":"https:\/\/e-framer.ch\/fr\/wp-json\/wp\/v2\/posts"}],"about":[{"href":"https:\/\/e-framer.ch\/fr\/wp-json\/wp\/v2\/types\/post"}],"author":[{"embeddable":true,"href":"https:\/\/e-framer.ch\/fr\/wp-json\/wp\/v2\/users\/1"}],"replies":[{"embeddable":true,"href":"https:\/\/e-framer.ch\/fr\/wp-json\/wp\/v2\/comments?post=180281"}],"version-history":[{"count":6,"href":"https:\/\/e-framer.ch\/fr\/wp-json\/wp\/v2\/posts\/180281\/revisions"}],"predecessor-version":[{"id":180888,"href":"https:\/\/e-framer.ch\/fr\/wp-json\/wp\/v2\/posts\/180281\/revisions\/180888"}],"wp:featuredmedia":[{"embeddable":true,"href":"https:\/\/e-framer.ch\/fr\/wp-json\/wp\/v2\/media\/173313"}],"wp:attachment":[{"href":"https:\/\/e-framer.ch\/fr\/wp-json\/wp\/v2\/media?parent=180281"}],"wp:term":[{"taxonomy":"category","embeddable":true,"href":"https:\/\/e-framer.ch\/fr\/wp-json\/wp\/v2\/categories?post=180281"},{"taxonomy":"post_tag","embeddable":true,"href":"https:\/\/e-framer.ch\/fr\/wp-json\/wp\/v2\/tags?post=180281"}],"curies":[{"name":"wp","href":"https:\/\/api.w.org\/{rel}","templated":true}]}}